{"id":80,"date":"2022-07-18T15:37:52","date_gmt":"2022-07-18T13:37:52","guid":{"rendered":"https:\/\/communt.cluster029.hosting.ovh.net\/?p=80"},"modified":"2023-03-24T15:49:44","modified_gmt":"2023-03-24T14:49:44","slug":"entre-fils-le-genou-la-rate-et-lovaire","status":"publish","type":"post","link":"https:\/\/www.communeidee.fr\/?p=80","title":{"rendered":"Entre Fils (Le Genou, la Rate et l\u2019Ovaire)"},"content":{"rendered":"\n<p>\u00ab\u00a0Ce qui est tu \u00e0 la premi\u00e8re g\u00e9n\u00e9ration, la deuxi\u00e8me le porte dans son corps\u00a0\u00bb Fran\u00e7oise Dolto<\/p>\n\n\n\n<p>Voici l&rsquo;histoire de Sophie, Juliette et Lucie et du lien complexe, destructeur et douloureux avec leur m\u00e8re, et tout ce qui en d\u00e9coule.<br>Qu&rsquo;est-il arriv\u00e9 \u00e9galement \u00e0 cette m\u00e8re pour que ses enfants la quittent les uns apr\u00e8s les autres?<br>Il y a bien s\u00fbr la question du p\u00e8re, pas loin, sa repr\u00e9sentation.<br>Que se passe-t-il qu&rsquo;on ne voit pas, qu&rsquo;on n&rsquo;entend pas?<\/p>\n\n\n\n<p><\/p>\n\n\n\n<p><\/p>\n\n\n\n<p>L&rsquo;\u00e9quipe :<\/p>\n\n\n\n<p class=\"has-text-color\" style=\"color:#32b1c5\">Avec : Marine CHAMBRIER, Elvire LE COSSEC, \u00c9milie OZOUF et Marion SOYER<\/p>\n\n\n\n<p class=\"has-text-color\" style=\"color:#32b1c5\">\u00c9criture et mise en sc\u00e8ne: H\u00e9l\u00e8ne CABOT<br>Chor\u00e9graphies: Marion SOYER<br>Cr\u00e9ation lumi\u00e8re: Tanguy LOUESDON<br>Cr\u00e9ation sonore: Anne-Laure LABASTE et Charlotte ROUSSEAU <br>Tradadaptation LSF: Marine VARLAN et Paul FARCY<br>Regard ext\u00e9rieur LSF: Natacha H\u00c9BERT<br>Assistanat mise en sc\u00e8ne: \u00c9lodie GOUD\u00c9<br>Cr\u00e9ation costumes : Corinne LEJEUNE<br>R\u00e9p\u00e9titeur, doublure: Cl\u00e9ment PIERRE<\/p>\n\n\n\n<p><\/p>\n\n\n\n<p><a href=\"http:\/\/www.communeidee.fr\/wp-content\/uploads\/2023\/03\/Dossier-artistique-Entre-fils.pdf\"><strong>Cliquez pour t\u00e9l\u00e9charger le Dossier artistique Entre Fils<\/strong><\/a><\/p>\n\n\n\n<p class=\"has-small-font-size\"><strong><em><a href=\"https:\/\/audioblog.arteradio.com\/blog\/153490\/podcast\/198981\/37-entre-fils\">Ca n&rsquo;engage \u00e0 rien<\/a><\/em>, <\/strong>Podcast consacr\u00e9 \u00e0 <strong>Entre Fils<\/strong> &#8211; Radio HDR \/ CDN de Rouen-Normandie (et Arteradio) &#8211; Anim\u00e9 par Steeve Brunet<\/p>\n","protected":false},"excerpt":{"rendered":"<p>\u00ab\u00a0Ce qui est tu \u00e0 la premi\u00e8re g\u00e9n\u00e9ration, la deuxi\u00e8me le porte dans son corps\u00a0\u00bb Fran\u00e7oise Dolto Voici l&rsquo;histoire de Sophie, Juliette et Lucie et du lien complexe, destructeur et douloureux avec leur m\u00e8re, et tout ce qui en d\u00e9coule.Qu&rsquo;est-il arriv\u00e9 \u00e9galement \u00e0 cette m\u00e8re pour que ses enfants la quittent les uns apr\u00e8s les&hellip; <a class=\"more-link\" href=\"https:\/\/www.communeidee.fr\/?p=80\">Continue reading &rarr;<\/a><\/p>\n","protected":false},"author":1,"featured_media":62,"comment_status":"closed","ping_status":"closed","sticky":false,"template":"","format":"standard","meta":{"footnotes":""},"categories":[1],"tags":[],"class_list":["post-80","post","type-post","status-publish","format-standard","has-post-thumbnail","hentry","category-non-classe"],"_links":{"self":[{"href":"https:\/\/www.communeidee.fr\/index.php?rest_route=\/wp\/v2\/posts\/80","targetHints":{"allow":["GET"]}}],"collection":[{"href":"https:\/\/www.communeidee.fr\/index.php?rest_route=\/wp\/v2\/posts"}],"about":[{"href":"https:\/\/www.communeidee.fr\/index.php?rest_route=\/wp\/v2\/types\/post"}],"author":[{"embeddable":true,"href":"https:\/\/www.communeidee.fr\/index.php?rest_route=\/wp\/v2\/users\/1"}],"replies":[{"embeddable":true,"href":"https:\/\/www.communeidee.fr\/index.php?rest_route=%2Fwp%2Fv2%2Fcomments&post=80"}],"version-history":[{"count":8,"href":"https:\/\/www.communeidee.fr\/index.php?rest_route=\/wp\/v2\/posts\/80\/revisions"}],"predecessor-version":[{"id":174,"href":"https:\/\/www.communeidee.fr\/index.php?rest_route=\/wp\/v2\/posts\/80\/revisions\/174"}],"wp:featuredmedia":[{"embeddable":true,"href":"https:\/\/www.communeidee.fr\/index.php?rest_route=\/wp\/v2\/media\/62"}],"wp:attachment":[{"href":"https:\/\/www.communeidee.fr\/index.php?rest_route=%2Fwp%2Fv2%2Fmedia&parent=80"}],"wp:term":[{"taxonomy":"category","embeddable":true,"href":"https:\/\/www.communeidee.fr\/index.php?rest_route=%2Fwp%2Fv2%2Fcategories&post=80"},{"taxonomy":"post_tag","embeddable":true,"href":"https:\/\/www.communeidee.fr\/index.php?rest_route=%2Fwp%2Fv2%2Ftags&post=80"}],"curies":[{"name":"wp","href":"https:\/\/api.w.org\/{rel}","templated":true}]}}